{"id":4321,"date":"2017-07-18T13:47:35","date_gmt":"2017-07-18T13:47:35","guid":{"rendered":"http:\/\/tourguidemostar.com\/blog\/bhs\/?p=4321"},"modified":"2017-07-18T13:47:35","modified_gmt":"2017-07-18T13:47:35","slug":"u-ovom-gradu-se-zivi-srcem-samira-smajlovic","status":"publish","type":"post","link":"https:\/\/tourguidemostar.com\/ba\/stil\/u-ovom-gradu-se-zivi-srcem-samira-smajlovic\/","title":{"rendered":"U ovom gradu se \u017eivi srcem-Samira Smajlovi\u0107"},"content":{"rendered":"<p style=\"text-align: right;\"><strong>Godine:\u00a0<\/strong>22<\/p>\n<p style=\"text-align: right;\"><strong>Grad: <\/strong>Srebrenik<\/p>\n<p style=\"text-align: right;\"><strong>Zanimanje:<\/strong>studentica<\/p>\n<p style=\"text-align: left;\">\n<p>Na pitanje o pobolj\u0161anju \u017eivotnog stila u Bosni i Hercegovini Samira je napisala : &#8220;<em>To \u0161to smo mladi i \u0161to je \u017eivot pred nama treba da nam bude dovoljno da shvatimo da smo mi ti koji treba da uzmemo svoju budu\u0107nost u vlastite ruke i u\u010dinimo svoj, a i \u017eivote\u00a0drugih boljima i ljep\u0161ima. Svima\u00a0onima koji nam govore da danas nema pravde, i da po\u0161tenje, trud i rad nisu sredstva koja vode ka boljem sutra, da doka\u017eemo da mlada srca i umovi imaju snage i mogu da prvenstveno obrazovanjem pobijede i nadma\u0161e one koji nam danas kroje budu\u0107nost, a koji nezaslu\u017eeno i bez prava to rade. Sami treba da budemo kova\u010di svoje sre\u0107e i da vjerom u sebe i svoje sposobnosti izgradimo bolji svijet.\u00a0<\/em>&#8221;<\/p><blockquote><p>Mnogi bi rekli da se o \u017eivotnom stilu u gradu koji je jedna od prolaznih stanica nakon Grada soli, \u00a0na magistralnom putu za Br\u010dko- Ora\u0161je, distrikt i grad, nema Bog zna \u0161ta re\u0107i. Mi koji smo oti\u0161li, prije cirka deceniju,a koji jedva \u010dekamo svaki ponovni dolazak, pa makar i na dan, pamtimo i najmanju sitnicu i znamo da to i nije ba\u0161 tako.<\/p>\n<p>Voza\u010di znaju, semafori su jedna od bitnijih stvari u saobra\u0107aju, iako raskrsnice mogu bez njih. Ka\u017eu, bitno je da se onaj koji upravlja vozilom zna sna\u0107i. Ovi na\u0161i semafori, na samom ulazu u \u201egrad\u201c, nama koji smo oti\u0161li, ali koji se vra\u0107amo, ne da su\u00a0 bitni, najbitniji su. Krene\u0161 u popodnevnim satima sa perona iz glavnog grada, na semaforima bude\u0161 u ak\u0161am. Jo\u0161 ako je Ramazan i top sa Gradine pukne,a ti pravac u \u010cardak kod Juse na peticu. Pa poslije trk na Stari grad sa rajom, jer top ove godine puca prvi put, nije isto kad ga vidi\u0161 na slikama i kad ode\u0161 pa ispita\u0161 sve \u0161to se pitati mo\u017ee o topu, a topd\u017eija te gleda i ne mo\u017ee da vjeruje da tebe to interesuje.<\/p>\n<p>A kad pro\u0111e Ramazan, za Bajram se nastavlja dobro utvr\u0111ena tradicija ispijanja kahve ranim jutrom, prije posla. Popije se i kod ku\u0107e, ustane se sat ranije da se kahveni\u0161e i koja cigara smota, ali ni gradska produ\u017eena se ne preska\u010de. Onda svi svojim poslom, do podne, kad sat na \u0161etali\u0161tu otkuca 1h. One koji su sretni i rade u smjenama \u010deka jo\u0161 jedna, u hladu ba\u0161te jednog od kafi\u0107a porednih uzdu\u017e \u0161etali\u0161ta, sa obje strane, kao da su mu obale, a ono rijeka koja te\u010de izme\u0111u njih. Da je utorak, pija\u010dni dan, ustalo bi se i ranije pa dok nije zagrijalo makar na zelenu pijacu oti\u0161lo, svratilo do obu\u0107ara i kroja\u010da, platilo ra\u010dune&#8230; Bitno se samo sna\u0107i kad stigne\u0161 u grad, kao kad do\u0111e\u0161 na raskrsnicu bez semafora. Gdje prvo? Mali je grad, ali kad na\u0111e\u0161 vremena da do\u0111e\u0161 samo utorkom, velike su obaveze.<\/p>\n<p>Ponedjeljak k'o ponedjeljak, mnogima nedrag, ne zato \u0161to je prvi dan u sedmici, nego \u0161to je prvi radni dan u sedmici. Ponedjeljak i, kao i sestra i brat, srijeda i \u010detvtak odjekuju smijehom i grajom, \u0161to mali\u0161ana iz vrti\u0107a, \u0161to osnovaca za vrijeme velikog odmora kad do\u0111u u restoran brze hrane na \u0161etali\u0161tu zgrabiti sendvi\u010d i otr\u010dati nazad do \u0161kole da ga \u0161to prije pojedu dok odmor nije zavr\u0161io da ne bi zafalilo vremena za zezanje i smijeh.\u00a0 Srednjo\u0161kolci, malo ozbiljnija raja, svrate ili do prvog nargila bara ili do picerije u gradu, po lepinu s kajmakom, ovisno o tome koliko su gladni.<\/p>\n<p>Vikendom nave\u010de smo ve\u0107 svi dotjerani, jer se petak i subota, izlazne ve\u010deri, unaprijed rezervi\u0161u ili za odlazak na svirku, ili za kolu, sladoled i \u0161etnju gradom. Obi\u0111e\u0161 jedan krug, \u0161etali\u0161tem kroz centar grada pa kroz \u0106evap ulicu ponovo na \u0161etali\u0161te i tu se smjesti\u0161, ako si dovoljno sretan i na\u0111e\u0161 slobodno mjesto vani. Ako si ne daj Bo\u017ee baksuz po prirodi, onda do\u0111e\u0161 ranije nego ostali da bi zauzeo mjesto i imao gdje posjediti naredna 2-3 sata. Dok tako \u0107ejfite, ne biste vjerovali, mogu\u0107e je da sretnete neku od poznatih li\u010dnosti, muzi\u010dare iz Srebrenika, a znane na Balkanu, a Boga mi i \u0161ire. Pro\u010dulo se da Srebreni\u010dani znaju pjevati pa me taksista u Sarajevu upita znam li i ja, jer mu rekoh da sam iz Srebrenika. \u201eZnam\u201c, rekoh, \u201eal&#8217; me nije ba\u0161 lijepo slu\u0161ati\u201c. A ako ho\u0107ete da se maknete iz centra grada, vi ili u ba\u0161tu Hotela na cije\u0111eni ananas, ili malo dalje, do Starog grada iznad Srebrenika po svje\u017e zrak i prizor kao iz pri\u010da. A kad ve\u0107 bude kasno i kad se i ogladni, onda do pekare Magistrale, poznate svakom ko je ikad pro\u0161ao magistralnim putem kroz Srebrenik. Sljede\u0107a stanica je topli dom, a onda sutradan se po\u010dinje sve ispo\u010detka.<\/p>\n<p>Do\u0111i u Srebrenik, a ja \u0107u te provesti kroz sva ova mjesta, da vidi\u0161 kako su ljudi dobri i kako je lijepo. Tu, gdje svako svakog zna, gdje nikome ni\u0161ta ne mo\u017ee proma\u0107i, ni dobro,a ni lo\u0161e, ali gdje miri\u0161u lipa i kokice, zajedno, u centru grada i gdje, ka\u017eu, para i budu\u0107nosti nema, ali ljubavi i sre\u0107e i za prodavati ima. \u00a0A gdje to dvoje ima, i \u017eivot je lijep.<\/p><\/blockquote>","protected":false},"excerpt":{"rendered":"<p>Godine:\u00a022 Grad: Srebrenik Zanimanje:studentica Na pitanje o pobolj\u0161anju \u017eivotnog stila u Bosni i Hercegovini Samira je napisala : &#8220;To \u0161to smo mladi i \u0161to je \u017eivot pred nama treba da nam bude dovoljno da shvatimo da smo mi ti koji treba da uzmemo svoju budu\u0107nost &hellip; <\/p>\n","protected":false},"author":1,"featured_media":4322,"comment_status":"open","ping_status":"open","sticky":false,"template":"","format":"image","meta":{"footnotes":""},"categories":[4,3],"tags":[164,2549,2856,2855,2857,2789,2858],"class_list":["post-4321","post","type-post","status-publish","format-image","has-post-thumbnail","hentry","category-uskoro","category-stil","tag-bosna-i-hercegovina","tag-ljudi-bosne-i-hercegovine","tag-samira-smajlovic","tag-srebrenik","tag-studenti-bosne-i-hercegovine","tag-volim-da-pisem","tag-zivotni-stil-mladih-ljudi-srebrenika","post_format-post-format-image","latest_post"],"aioseo_notices":[],"_links":{"self":[{"href":"https:\/\/tourguidemostar.com\/ba\/wp-json\/wp\/v2\/posts\/4321","targetHints":{"allow":["GET"]}}],"collection":[{"href":"https:\/\/tourguidemostar.com\/ba\/wp-json\/wp\/v2\/posts"}],"about":[{"href":"https:\/\/tourguidemostar.com\/ba\/wp-json\/wp\/v2\/types\/post"}],"author":[{"embeddable":true,"href":"https:\/\/tourguidemostar.com\/ba\/wp-json\/wp\/v2\/users\/1"}],"replies":[{"embeddable":true,"href":"https:\/\/tourguidemostar.com\/ba\/wp-json\/wp\/v2\/comments?post=4321"}],"version-history":[{"count":1,"href":"https:\/\/tourguidemostar.com\/ba\/wp-json\/wp\/v2\/posts\/4321\/revisions"}],"predecessor-version":[{"id":4323,"href":"https:\/\/tourguidemostar.com\/ba\/wp-json\/wp\/v2\/posts\/4321\/revisions\/4323"}],"wp:featuredmedia":[{"embeddable":true,"href":"https:\/\/tourguidemostar.com\/ba\/wp-json\/wp\/v2\/media\/4322"}],"wp:attachment":[{"href":"https:\/\/tourguidemostar.com\/ba\/wp-json\/wp\/v2\/media?parent=4321"}],"wp:term":[{"taxonomy":"category","embeddable":true,"href":"https:\/\/tourguidemostar.com\/ba\/wp-json\/wp\/v2\/categories?post=4321"},{"taxonomy":"post_tag","embeddable":true,"href":"https:\/\/tourguidemostar.com\/ba\/wp-json\/wp\/v2\/tags?post=4321"}],"curies":[{"name":"wp","href":"https:\/\/api.w.org\/{rel}","templated":true}]}}